{"id":3656,"date":"2021-12-15T23:36:02","date_gmt":"2021-12-15T23:36:02","guid":{"rendered":"https:\/\/shpresaprogramme.org\/?p=3656"},"modified":"2021-12-26T14:15:35","modified_gmt":"2021-12-26T14:15:35","slug":"16-days-of-activism-against-gender-based-violence","status":"publish","type":"post","link":"https:\/\/shpresaprogramme.org\/sq\/16-days-of-activism-against-gender-based-violence\/","title":{"rendered":"16 dit\u00eb aktiviz\u00ebm kund\u00ebr dhun\u00ebs me baz\u00eb gjinore"},"content":{"rendered":"<h3><\/h3>\n<p>&nbsp;<\/p>\n<p><span data-contrast=\"auto\">\u00a016 dit\u00eb aktiviz\u00ebm k\u00ebt\u00eb N\u00ebntor dhe fillim Dhjetori k\u00ebtu n\u00eb Programin Shpresa p\u00ebr t\u00eb sh\u00ebnuar 16 dit\u00ebt e aktivizmit t\u00eb UN-s\u00eb kund\u00ebr dhun\u00ebs me baz\u00eb gjinore.\u00a0<\/span><span data-ccp-props=\"{&quot;201341983&quot;:0,&quot;335559739&quot;:160,&quot;335559740&quot;:259}\">\u00a0<\/span><\/p>\n<p><span data-ccp-props=\"{&quot;201341983&quot;:0,&quot;335559739&quot;:160,&quot;335559740&quot;:259}\">\u00a0<\/span><\/p>\n<p class=\"translation-block\">25 N\u00ebntori 2021 sh\u00ebnoi fillimin e 16 Dit\u00ebve t\u00eb Aktivizmit t\u00eb OKB-s\u00eb kund\u00ebr dhun\u00ebs me baz\u00eb gjinore. Dhe q\u00eb nga kjo dit\u00eb Shpresa drejton 16 aktivitete t\u00eb ndryshme duke bashkuar z\u00ebrat e tyre t\u00eb brisht\u00eb me ato t\u00eb miliona njer\u00ebzve n\u00eb mbar\u00eb globin. Bota mori ngjyr\u00eb portokalli m\u00eb 25 n\u00ebntor dhe do ta b\u00ebj\u00eb k\u00ebt\u00eb \u00e7do dat\u00eb 25  si pjes\u00eb e fushat\u00ebs INiTE, e cila rezonon thell\u00eb me pun\u00ebn ton\u00eb t\u00eb Fuqizimit t\u00eb Grave<\/p>\n<p><i><span data-contrast=\"auto\">Kjo fushat\u00eb e ka shpallur dat\u00ebn 25 t\u00eb \u00e7do muaji si \u201cDita e Portokallis\u00eb\u201d, nj\u00eb dit\u00eb p\u00ebr t\u00eb nd\u00ebrgjegj\u00ebsuar dhe marr\u00eb masa p\u00ebr t'i dh\u00ebn\u00eb fund dhun\u00ebs ndaj grave dhe vajzave. Si nj\u00eb ngjyr\u00eb e ndezur dhe optimiste, portokallia p\u00ebrfaq\u00ebson nj\u00eb t\u00eb ardhme pa dhun\u00eb ndaj grave dhe vajzave.<\/span><\/i><span data-ccp-props=\"{&quot;201341983&quot;:0,&quot;335559739&quot;:160,&quot;335559740&quot;:259}\">\u00a0<\/span><\/p>\n<p><i><span data-contrast=\"auto\">Dita Portokalli u b\u00ebn thirrje aktivist\u00ebve, qeverive dhe partner\u00ebve t\u00eb OKB-s\u00eb q\u00eb t\u00eb mobilizojn\u00eb njer\u00ebzit dhe t\u00eb nxjerrin n\u00eb pah \u00e7\u00ebshtjet e r\u00ebnd\u00ebsishme p\u00ebr parandalimin dhe dh\u00ebnien fund t\u00eb dhun\u00ebs ndaj grave dhe vajzave, jo vet\u00ebm nj\u00eb her\u00eb n\u00eb vit, m\u00eb 25 n\u00ebntor (Dita Nd\u00ebrkomb\u00ebtare p\u00ebr Eliminimin e Dhun\u00ebs ndaj Grave), por \u00e7do muaj.<\/span><\/i><span data-ccp-props=\"{&quot;201341983&quot;:0,&quot;335559739&quot;:160,&quot;335559740&quot;:259}\">\u00a0<\/span><\/p>\n<p><i><span data-contrast=\"auto\">N\u00eb dit\u00ebn e 25-t\u00eb t\u00eb \u00e7do muaji, Thuaj JO\u2013UNiTE mobilizon njer\u00ebzit n\u00eb mbar\u00eb bot\u00ebn p\u00ebr t\u00eb mb\u00ebshtetur nism\u00ebn #OrangeDay. Ai u b\u00ebn thirrje njer\u00ebzve kudo q\u00eb t\u00eb veshin ngjyr\u00ebn portokalli dhe t\u00eb nd\u00ebrmarrin veprime p\u00ebr t'i dh\u00ebn\u00eb fund dhun\u00ebs ndaj grave dhe vajzave n\u00eb \u00e7do komunitet, n\u00eb sht\u00ebpi, n\u00eb hap\u00ebsira publike, n\u00eb shkolla dhe vende pune, gjat\u00eb konflikteve dhe n\u00eb koh\u00eb paqeje.<\/span><\/i><span data-ccp-props=\"{&quot;201341983&quot;:0,&quot;335559739&quot;:160,&quot;335559740&quot;:259}\">\u00a0<\/span><\/p>\n<p><a href=\"https:\/\/www.unwomen.org\/en\/what-we-do\/ending-violence-against-women\/take-action\/unite\" target=\"_blank\" rel=\"noopener\"><i><span data-contrast=\"none\">https:\/\/www.unwomen.org\/en\/what-we-do\/ending-violence-against-women\/take-action\/unite<\/span><\/i><\/a><span data-ccp-props=\"{&quot;201341983&quot;:0,&quot;335559739&quot;:160,&quot;335559740&quot;:259}\">\u00a0<\/span><\/p>\n<p><span data-ccp-props=\"{&quot;201341983&quot;:0,&quot;335559739&quot;:160,&quot;335559740&quot;:259}\">\u00a0<\/span><\/p>\n<p><span data-contrast=\"auto\">Ja cfare ndodh tek Shpresa gjate ketyre 16 diteve\u00a0<\/span><span data-ccp-props=\"{&quot;201341983&quot;:0,&quot;335559739&quot;:160,&quot;335559740&quot;:259}\">\u00a0<\/span><\/p>\n<p class=\"translation-block\">25 Informacion rreth fushat\u00ebs UNiTE<\/p>\n<p class=\"translation-block\">26  Poezi - ZOOM recitim p\u00ebr femra nga t\u00eb rinjt\u00eb<\/p>\n<p><span data-contrast=\"auto\">27<\/span><span data-contrast=\"auto\">th<\/span><span data-contrast=\"auto\">\u00a0\u00a0Shkolla Gascoigne \u201csesion frym\u00ebzimi\u201d p\u00ebr femra\u00a0<\/span><span data-ccp-props=\"{&quot;201341983&quot;:0,&quot;335559739&quot;:160,&quot;335559740&quot;:259}\">\u00a0<\/span><\/p>\n<p><span data-contrast=\"auto\">28<\/span><span data-contrast=\"auto\">th<\/span><span data-contrast=\"auto\">\u00a0\u00a0Grat\u00eb flasin \u2013 kultura nuk duhet t\u00eb p\u00ebrdoret kurr\u00eb si justifikim p\u00ebr dhun\u00ebn n\u00eb familje<\/span><span data-ccp-props=\"{&quot;201341983&quot;:0,&quot;335559739&quot;:160,&quot;335559740&quot;:259}\">\u00a0<\/span><\/p>\n<p><span data-contrast=\"auto\">29<\/span><span data-contrast=\"auto\">th<\/span><span data-contrast=\"auto\">\u00a0\u00a0\u00a0Kampion\u00ebt e marr\u00ebdh\u00ebnieve t\u00eb sh\u00ebndetshme - Nata e kuizit\u00a0<\/span><span data-ccp-props=\"{&quot;201341983&quot;:0,&quot;335559739&quot;:160,&quot;335559740&quot;:259}\">\u00a0<\/span><\/p>\n<p><span data-contrast=\"auto\">30<\/span><span data-contrast=\"auto\">th<\/span><span data-contrast=\"auto\">\u00a0\u00a0Sesioni frym\u00ebzues i grave londineze \u2013 sesion p\u00ebr grat\u00eb\u00a0<\/span><span data-ccp-props=\"{&quot;201341983&quot;:0,&quot;335559739&quot;:160,&quot;335559740&quot;:259}\">\u00a0<\/span><\/p>\n<p><span data-contrast=\"auto\">1<\/span><span data-contrast=\"auto\">st<\/span><span data-contrast=\"auto\"> \u00a0\u2013\u00a0Knitting our stories\u00a0\u00a0-the start of a\u00a0really good\u00a0initiative\u00a0<\/span><span data-ccp-props=\"{&quot;201341983&quot;:0,&quot;335559739&quot;:160,&quot;335559740&quot;:259}\">\u00a0<\/span><\/p>\n<p><span data-contrast=\"auto\">2<\/span><span data-contrast=\"auto\">nd<\/span><span data-contrast=\"auto\">\u00a0\u00a0Dhuna n\u00eb familje dhe ndikimin i saj\u00a0<\/span><span data-ccp-props=\"{&quot;201341983&quot;:0,&quot;335559739&quot;:160,&quot;335559740&quot;:259}\">\u00a0<\/span><\/p>\n<p><span data-contrast=\"auto\">3<\/span><span data-contrast=\"auto\">rd<\/span><span data-contrast=\"auto\">\u00a0\u00a0Axhenda e UN-s\u00eb p\u00ebr p\u00ebrfundimin e dhun\u00ebs n\u00eb familje deri n\u00eb vitin 2030<\/span><span data-ccp-props=\"{&quot;201341983&quot;:0,&quot;335559739&quot;:160,&quot;335559740&quot;:259}\">\u00a0<\/span><\/p>\n<p><span data-contrast=\"auto\">4<\/span><span data-contrast=\"auto\">th<\/span><span data-contrast=\"auto\">\u00a0\u00a0Si mund ta thyejm\u00eb rrethin - bised\u00eb me t\u00eb rinjt\u00eb<\/span><span data-ccp-props=\"{&quot;201341983&quot;:0,&quot;335559739&quot;:160,&quot;335559740&quot;:259}\">\u00a0<\/span><\/p>\n<p><span data-contrast=\"auto\">5<\/span><span data-contrast=\"auto\">th<\/span><span data-contrast=\"auto\">\u00a0\u00a0Sh\u00ebndeti mendor dhe nd\u00ebrgjegj\u00ebsimi p\u00ebrdhun\u00ebn n\u00eb familje\u00a0<\/span><span data-ccp-props=\"{&quot;201341983&quot;:0,&quot;335559739&quot;:160,&quot;335559740&quot;:259}\">\u00a0<\/span><\/p>\n<p><span data-contrast=\"auto\">6<\/span><span data-contrast=\"auto\">th<\/span><span data-contrast=\"auto\">\u00a0\u00a0Sesioni frym\u00ebzues i grave n\u00eb Lond\u00ebr \u2013 t\u00eb rinjt\u00eb<\/span><span data-ccp-props=\"{&quot;201341983&quot;:0,&quot;335559739&quot;:160,&quot;335559740&quot;:259}\">\u00a0<\/span><\/p>\n<p><span data-contrast=\"auto\">7<\/span><span data-contrast=\"auto\">th<\/span><span data-contrast=\"auto\">\u00a0\u00a0koha e kuicit - duke p\u00ebrdorur \"paket\u00ebn e  spirales\"\u00a0<\/span><span data-ccp-props=\"{&quot;201341983&quot;:0,&quot;335559739&quot;:160,&quot;335559740&quot;:259}\">\u00a0<\/span><\/p>\n<p><span data-contrast=\"auto\">8<\/span><span data-contrast=\"auto\">th<\/span><span data-contrast=\"auto\">\u00a0\u00a0sh\u00ebrbimet p\u00ebr dhun\u00ebn n\u00eb familje - Informacion mbi shenjat dhe ku t\u00eb k\u00ebrkoni ndihm\u00eb\u00a0<\/span><span data-ccp-props=\"{&quot;201341983&quot;:0,&quot;335559739&quot;:160,&quot;335559740&quot;:259}\">\u00a0<\/span><\/p>\n<p><span data-contrast=\"auto\">9<\/span><span data-contrast=\"auto\">th<\/span><span data-contrast=\"auto\">\u00a0\u00a0dhuna n\u00eb familje dhe ndikimi i saj dhe ku t\u00eb k\u00ebrkoni ndihm\u00eb - sesion informues\u00a0<\/span><span data-ccp-props=\"{&quot;201341983&quot;:0,&quot;335559739&quot;:160,&quot;335559740&quot;:259}\">\u00a0<\/span><\/p>\n<p><span data-contrast=\"auto\">10<\/span><span data-contrast=\"auto\">th<\/span><span data-contrast=\"auto\">\u00a0\u00a0Personat e famsh\u00ebm t\u00eb prekur nga dhuna n\u00eb familje \u2013 seminare\u00a0<\/span><span data-ccp-props=\"{&quot;201341983&quot;:0,&quot;335559739&quot;:160,&quot;335559740&quot;:259}\">\u00a0<\/span><\/p>\n<p><span data-contrast=\"auto\">Gjat\u00eb k\u00ebsaj periudhe, ne donim t\u00eb vinim n\u00eb qend\u00ebr t\u00eb v\u00ebmendjes t\u00eb mbijetuarit, aktivist\u00ebt, historin\u00eb dhe organizatat q\u00eb ofrojn\u00eb mb\u00ebshtetje k\u00ebtu n\u00eb Mbret\u00ebrin\u00eb e Bashkuar p\u00ebr individ\u00ebt, komunitetet dhe sfidat e tyre, ne donim q\u00eb z\u00ebrat tan\u00eb t\u00eb bashkoheshin me shum\u00eb z\u00ebra t\u00eb tjer\u00eb n\u00eb mbar\u00eb bot\u00ebn q\u00eb p\u00ebrdorin forma krijuese. t\u00eb rezistenc\u00ebs ndaj fushat\u00ebs kund\u00ebr dhun\u00ebs me baz\u00eb gjinore. N\u00eb vitin 2015, kombet u bashkuan dhe u angazhuan p\u00ebr arritjen e Objektivave Globale deri n\u00eb vitin 2030.\u00a0<\/span><span data-ccp-props=\"{&quot;201341983&quot;:0,&quot;335559739&quot;:160,&quot;335559740&quot;:259}\">\u00a0<\/span><\/p>\n<p><span data-contrast=\"auto\">COVID-19 ka hedhur drit\u00eb mbi pabarazit\u00eb ekzistuese gjinore dhe gjithashtu ka par\u00eb nj\u00eb rritje t\u00eb mpreht\u00eb t\u00eb dhun\u00ebs ndaj grave dhe vajzave, ve\u00e7an\u00ebrisht abuzimit n\u00eb familje. Por pavar\u00ebsisht pandemis\u00eb, aktivist\u00ebt n\u00eb mbar\u00eb bot\u00ebn kan\u00eb vazhduar p\u00ebrpjekjet e tyre p\u00ebr ta b\u00ebr\u00eb realitet barazin\u00eb gjinore p\u00ebr t\u00eb gjith\u00eb, kudo.<\/span><span data-ccp-props=\"{&quot;201341983&quot;:0,&quot;335559739&quot;:160,&quot;335559740&quot;:259}\">\u00a0<\/span><\/p>\n<p><span data-contrast=\"auto\">\u00a0P\u00ebr ne k\u00ebtu tek Shpresa kjo nuk \u00ebsht\u00eb nj\u00eb pun\u00eb 1 apo 16 ditore, kjo \u00ebsht\u00eb nj\u00eb pun\u00eb e p\u00ebrditshme dhe ne besojm\u00eb se kjo \u00ebsht\u00eb p\u00ebrgjegj\u00ebsi e t\u00eb gjith\u00ebve. Nj\u00eb n\u00eb tre gra n\u00eb mbar\u00eb bot\u00ebn p\u00ebrjetojn\u00eb dhun\u00eb fizike ose seksuale, kryesisht nga nj\u00eb partner intim. Dhuna ndaj grave dhe vajzave \u00ebsht\u00eb nj\u00eb shkelje e t\u00eb drejtave t\u00eb njeriut dhe pasojat fizike, seksuale dhe mendore t\u00eb menj\u00ebhershme dhe afatgjata p\u00ebr grat\u00eb dhe vajzat mund t\u00eb jen\u00eb shkat\u00ebrruese, duke p\u00ebrfshir\u00eb vdekjen. Dhe n\u00eb komunitetin ton\u00eb, ky \u00ebsht\u00eb nj\u00eb problem edhe m\u00eb i madh ku \u00e7do grua p\u00ebrballet me t\u00eb. <\/span><span data-ccp-props=\"{&quot;201341983&quot;:0,&quot;335559739&quot;:160,&quot;335559740&quot;:259}\">\u00a0<\/span><\/p>\n<p><span data-contrast=\"auto\">Projekti yn\u00eb i fuqizimit t\u00eb grave trajton \u00e7\u00ebshtjet me t\u00eb cilat ballafaqohen grat\u00eb shqipfol\u00ebse q\u00eb jetojn\u00eb n\u00eb MB, t\u00eb cilat jan\u00eb n\u00eb rrezik n\u00eb m\u00ebnyr\u00eb disproporcionale nga trafikimi dhe dhuna n\u00eb familje \u2013 numri i grave shqipfol\u00ebse t\u00eb raportuara si viktima t\u00eb mundshme t\u00eb rritura t\u00eb trafikimit \u00ebsht\u00eb vazhdimisht shum\u00eb m\u00eb i lart\u00eb se i t\u00eb rriturve me komb\u00ebsi tjet\u00ebr (statistikat e Mekanizmit Komb\u00ebtar t\u00eb Referimit \u2013 p.sh. https:\/\/www.gov.uk\/government\/publications\/modern-slavery-national-referral-mechanism-and-duty-to-notify-statistics-uk-quarter-3-2020-july-to-september\/modern-slavery-national-referral-mechanism-and-duty-to-notify-statistics-uk-quarter-3-2020-july-to-september).<\/span><span data-ccp-props=\"{&quot;201341983&quot;:0,&quot;335559739&quot;:160,&quot;335559740&quot;:259}\">\u00a0<\/span><\/p>\n<p><span data-contrast=\"auto\">Kjo i p\u00ebrball me sfida t\u00eb shumta q\u00eb i vendosin n\u00eb m\u00ebnyr\u00eb disproporcionale n\u00eb rrezik t\u00eb dhun\u00ebs n\u00eb familje:<\/span><span data-ccp-props=\"{&quot;201341983&quot;:0,&quot;335559739&quot;:160,&quot;335559740&quot;:259}\">\u00a0<\/span><\/p>\n<p><span data-contrast=\"auto\">&#8211;<\/span> <span data-contrast=\"auto\">Barrierat gjuh\u00ebsore: grat\u00eb n\u00eb Mbret\u00ebrin\u00eb e Bashkuar q\u00eb nuk flasin anglisht jan\u00eb t\u00eb cenueshme ndaj kontrollit dhe shpesh nuk mund t\u00eb ken\u00eb akses n\u00eb suportin e drejt\u00ebp\u00ebrdrejt\u00eb<\/span><span data-ccp-props=\"{&quot;201341983&quot;:0,&quot;335559739&quot;:160,&quot;335559740&quot;:259}\">\u00a0<\/span><\/p>\n<p><span data-contrast=\"auto\">&#8211;<\/span> <span data-contrast=\"auto\">Izolimi social, turpi &amp; stigma: n\u00eb komunitetet shqipfol\u00ebse, dhuna ndaj grave \u00ebsht\u00eb par\u00eb prej koh\u00ebsh si e pranueshme dhe t\u00eb folurit kund\u00ebr dhun\u00ebs shihet si turp p\u00ebr familjen dhe komunitetin. S\u00ebmundja mendore \u00ebsht\u00eb gjithashtu shum\u00eb e stigmatizuar, q\u00eb do t\u00eb thot\u00eb se grat\u00eb shqipfol\u00ebse nuk ndjehen n\u00eb gjendje t\u00eb k\u00ebrkojn\u00eb ndihm\u00eb p\u00ebr problemet e tyre.<\/span><span data-ccp-props=\"{&quot;201341983&quot;:0,&quot;335559739&quot;:160,&quot;335559740&quot;:259}\">\u00a0<\/span><\/p>\n<p><span data-contrast=\"auto\">&#8211;<\/span> <span data-contrast=\"auto\">Statusi i pasigurt i emigracionit: k\u00ebrc\u00ebnimi i d\u00ebbimit p\u00ebrdoret p\u00ebr t\u00eb manipuluar grat\u00eb q\u00eb shpesh nuk jan\u00eb t\u00eb vet\u00ebdijshme p\u00ebr t\u00eb drejtat e tyre ligjore dhe t\u00eb paafta ose t\u00eb frik\u00ebsuara p\u00ebr t\u00eb k\u00ebrkuar ndihm\u00eb<\/span><span data-ccp-props=\"{&quot;201341983&quot;:0,&quot;335559739&quot;:160,&quot;335559740&quot;:259}\">\u00a0<\/span><\/p>\n<p><span data-contrast=\"auto\">&#8211;<\/span> <span data-contrast=\"auto\">Varf\u00ebria: grat\u00eb q\u00eb jetojn\u00eb n\u00eb varf\u00ebri (ve\u00e7an\u00ebrisht p\u00ebrmes abuzimit financiar) nuk kan\u00eb mund\u00ebsi dhe jan\u00eb t\u00eb cenueshme ndaj dhun\u00ebs n\u00eb familje<\/span><span data-ccp-props=\"{&quot;201341983&quot;:0,&quot;335559739&quot;:160,&quot;335559740&quot;:259}\">\u00a0<\/span><\/p>\n<p><span data-contrast=\"auto\">&#8211;<\/span> <span data-contrast=\"auto\">Mungesa e sh\u00ebrbimeve: sh\u00ebrbimet p\u00ebr grat\u00eb nga komunitetet e reja emigrante jan\u00eb jasht\u00ebzakonisht t\u00eb kufizuara dhe rrall\u00ebher\u00eb plot\u00ebsojn\u00eb nevojat gjuh\u00ebsore\/kulturore t\u00eb grave shqipfol\u00ebse<\/span><span data-ccp-props=\"{&quot;201341983&quot;:0,&quot;335559739&quot;:160,&quot;335559740&quot;:259}\">\u00a0<\/span><\/p>\n<p><span data-contrast=\"auto\">These problems, identified in the research, are reflected in our work (we undertake regular monitoring &amp; evaluation to seek service user feedback and assess personal &amp; organisational progress towards outcomes) \u2013 this shows that many challenges have intensified due to COVID-19 and related restrictions (re-traumatisation, PTSD, increased isolation etc).<\/span><span data-ccp-props=\"{&quot;201341983&quot;:0,&quot;335559739&quot;:160,&quot;335559740&quot;:259}\">\u00a0<\/span><\/p>\n<p><span data-ccp-props=\"{&quot;201341983&quot;:0,&quot;335559739&quot;:160,&quot;335559740&quot;:259}\">\u00a0<\/span><\/p>\n<p><span data-contrast=\"auto\">Modeli i Shpres\u00ebs \u00ebsht\u00eb nj\u00eb kultur\u00eb organizative q\u00eb nd\u00ebrtohet n\u00eb partneritetet dhe rrjet\u00ebzimin e mb\u00ebshtetjes s\u00eb koleg\u00ebve \u2013 ne e dim\u00eb se maksimizimi i rrjeteve tona \u00ebsht\u00eb m\u00ebnyra m\u00eb e mir\u00eb p\u00ebr t\u00eb siguruar q\u00ebndrueshm\u00ebri p\u00ebr veten dhe p\u00ebr t\u00eb gjith\u00eb sektorin, k\u00ebshtu q\u00eb ne jemi t\u00eb prirur t\u00eb angazhohemi me k\u00ebt\u00eb program p\u00ebr nd\u00ebrtimin e kapaciteteve.\u00a0<\/span><span data-ccp-props=\"{&quot;201341983&quot;:0,&quot;335559739&quot;:160,&quot;335559740&quot;:259}\">\u00a0<\/span><\/p>\n<p><span data-contrast=\"auto\">Projekti yn\u00eb p\u00ebrfshin trajnimin e vullnetar\u00ebve p\u00ebr t\u00eb mb\u00ebshtetur grat\u00eb, k\u00ebshtu q\u00eb rrit kapacitetin e Shpres\u00ebs p\u00ebr t\u00eb ofruar mb\u00ebshtetje n\u00eb vazhdim.<\/span><span data-ccp-props=\"{&quot;201341983&quot;:0,&quot;335559739&quot;:160,&quot;335559740&quot;:259}\">\u00a0<\/span><\/p>\n<p><span data-contrast=\"auto\">Ne kemi nj\u00eb histori t\u00eb fort\u00eb n\u00eb sigurimin e fondeve p\u00ebr t\u00eb mb\u00ebshtetur pun\u00ebn ton\u00eb. Nj\u00eb grant nga Fondi MOPAC VA\u00cbG, k\u00ebshilli Barking, Henry Smith na ka dh\u00ebn\u00eb stabilitet gjat\u00eb k\u00ebsaj kohe t\u00eb trazuar, duke siguruar q\u00eb sh\u00ebrbimet tona ky\u00e7e p\u00ebr grat\u00eb vulnerab\u00ebl do t\u00eb vazhdojn\u00eb dhe duke i mund\u00ebsuar stafit t\u00eb Shpres\u00ebs t'i kushtoj\u00eb koh\u00eb funksioneve t\u00eb tjera operacionale, duke p\u00ebrfshir\u00eb ato financiare dhe sh\u00ebrbime afatgjat\u00eb si planifikimi, investimi n\u00eb rrjetet ekzistuese dhe krijimi i muind\u00ebsive p\u00ebr t\u00eb krijuar lidhje t\u00eb reja, duke p\u00ebrmir\u00ebsuar forc\u00ebn dhe q\u00ebndrueshm\u00ebrin\u00eb ton\u00eb.<\/span><span data-ccp-props=\"{&quot;201341983&quot;:0,&quot;335559739&quot;:160,&quot;335559740&quot;:259}\">\u00a0<\/span><\/p>\n<p><span data-ccp-props=\"{&quot;201341983&quot;:0,&quot;335559739&quot;:160,&quot;335559740&quot;:259}\">\u00a0<\/span><\/p>\n<p><span data-contrast=\"auto\">COVID-19 ka par\u00eb nj\u00eb rritje akute t\u00eb njer\u00ebzve q\u00eb kan\u00eb nevoj\u00eb p\u00ebr mb\u00ebshtetje p\u00ebr sh\u00ebndetin mendor \u2013mbyllja dhe izolimi kan\u00eb b\u00ebr\u00eb q\u00eb njer\u00ebzit t\u00eb ken\u00eb m\u00eb shum\u00eb koh\u00eb p\u00ebr t\u00eb reflektuar mbi p\u00ebrvojat e tyre dhe kan\u00eb nevoj\u00eb p\u00ebr ndihm\u00eb n\u00eb p\u00ebrpunimin e tyre, gj\u00eb q\u00eb kombinohet me ankthin e lidhur me COVID p\u00ebr t\u00eb krijuar nj\u00eb val\u00eb t\u00eb madhe  n\u00eb problemet e sh\u00ebndetit mendor. P\u00ebr ata me p\u00ebrvoja t\u00eb traum\u00ebs, ritraumatizimi \u00ebsht\u00eb nj\u00eb problem. ASC \u00ebsht\u00eb prekur n\u00eb m\u00ebnyr\u00eb disproporcionale nga ndikimet ekonomike \u2013 Shpresa ka ofruar nj\u00eb operacion t\u00eb r\u00ebnd\u00ebsish\u00ebm furnizimesh emergjente q\u00eb nga marsi, duke ofruar ushqime, furnizime thelb\u00ebsore sht\u00ebpiake dhe mjete p\u00ebr njer\u00ebzit q\u00eb t\u00eb q\u00ebndrojn\u00eb n\u00eb kontakt (internet, pajisje, kredi telefonike). T\u00eb rinjt\u00eb kan\u00eb nevoj\u00eb p\u00ebr ndihm\u00eb shtes\u00eb - ve\u00e7an\u00ebrisht f\u00ebmij\u00ebt e pashoq\u00ebruar azilk\u00ebrkues - t\u00eb cil\u00ebt priren t\u00eb ken\u00eb akses t\u00eb kufizuar ose aspak n\u00eb pajisjet e aktivizuara me internet dhe shum\u00eb prej t\u00eb cil\u00ebve mb\u00ebshteten tek shkolla p\u00ebr t\u00eb pakt\u00ebn nj\u00eb vakt n\u00eb dit\u00eb. Kjo rritje e k\u00ebrkes\u00ebs p\u00ebr sh\u00ebrbimet tona ka b\u00ebr\u00eb q\u00eb neve na \u00ebsht\u00eb dashur t\u00eb mbivendosim kapacitetin p\u00ebr t\u00eb p\u00ebrmbushur k\u00ebto nevoja imediate dhe p\u00ebr t\u00eb gjetur burime dhe fonde p\u00ebr t'i mb\u00ebshtetur ato.<\/span><span data-ccp-props=\"{&quot;201341983&quot;:0,&quot;335559739&quot;:160,&quot;335559740&quot;:259}\">\u00a0<\/span><\/p>\n<p><span data-contrast=\"auto\">Ne parashikuam dhe d\u00ebshmuam nj\u00eb rritje t\u00eb stresit t\u00eb lidhur me d\u00ebmtimin ekonomik dhe p\u00ebrvoja t\u00eb s\u00ebmundjeve dhe humbjes q\u00eb do t\u00eb thot\u00eb nj\u00eb 'deg\u00ebzim' thelb\u00ebsor i niveleve t\u00eb ngritura t\u00eb nevoj\u00ebs n\u00eb 2 ose 3 vitet e ardhshme, duke p\u00ebrfshir\u00eb, n\u00eb m\u00ebnyr\u00eb t\u00eb pashmangshme, rritje t\u00eb niveleve t\u00eb dhun\u00ebs ndaj grave dhe vajzave.<\/span><span data-ccp-props=\"{&quot;201341983&quot;:0,&quot;335559739&quot;:160,&quot;335559740&quot;:259}\">\u00a0<\/span><\/p>\n<p><span data-ccp-props=\"{&quot;201341983&quot;:0,&quot;335559739&quot;:160,&quot;335559740&quot;:259}\">\u00a0<\/span><\/p>\n<p><span data-contrast=\"auto\">Ne ofrojm\u00eb mb\u00ebshtetjen p\u00ebr grat\u00eb p\u00ebrmes k\u00ebtij projekti m\u00eb posht\u00eb:\u00a0<\/span><span data-ccp-props=\"{&quot;201341983&quot;:0,&quot;335559739&quot;:160,&quot;335559740&quot;:259}\">\u00a0<\/span><\/p>\n<p><b><span data-contrast=\"auto\">Newham\u00a0<\/span><\/b><span data-ccp-props=\"{&quot;201341983&quot;:0,&quot;335559739&quot;:160,&quot;335559740&quot;:259}\">\u00a0<\/span><\/p>\n<p><span data-contrast=\"auto\">Vazhdon sh\u00ebrbimi i suportit t\u00eb grave\u00a0<\/span><span data-ccp-props=\"{&quot;201341983&quot;:0,&quot;335559739&quot;:160,&quot;335559740&quot;:259}\">\u00a0<\/span><\/p>\n<p><span data-contrast=\"auto\">Stratford library\u00a0every Saturday\u00a02-5\u00a0<\/span><span data-ccp-props=\"{&quot;201341983&quot;:0,&quot;335559739&quot;:160,&quot;335559740&quot;:259}\">\u00a0<\/span><\/p>\n<p><span data-contrast=\"auto\">Mansfield House \u00e7do t\u00eb Premte, 10-12\u00a0<\/span><span data-ccp-props=\"{&quot;201341983&quot;:0,&quot;335559739&quot;:160,&quot;335559740&quot;:259}\">\u00a0<\/span><\/p>\n<p><span data-contrast=\"auto\">N\u00eb Zoom \u00e7do t\u00eb Enjte 1-3\u00a0<\/span><span data-ccp-props=\"{&quot;201341983&quot;:0,&quot;335559739&quot;:160,&quot;335559740&quot;:259}\">\u00a0<\/span><\/p>\n<p><span data-contrast=\"auto\">N\u00eb Janar fillon sh\u00ebrbimii binjak\u00ebzimit grat\u00eb p\u00ebr grat\u00eb\u00a0<\/span><span data-ccp-props=\"{&quot;201341983&quot;:0,&quot;335559739&quot;:160,&quot;335559740&quot;:259}\">\u00a0<\/span><\/p>\n<p><span data-contrast=\"auto\">K\u00ebshillim ball\u00eb p\u00ebr ball\u00eb me The alternative, Manor Gardens dhe Croydon drop in\u00a0\u00a0<\/span><span data-ccp-props=\"{&quot;201341983&quot;:0,&quot;335559739&quot;:160,&quot;335559740&quot;:259}\">\u00a0<\/span><\/p>\n<p><span data-contrast=\"auto\">Grupet psikoedukative \u00e7do t\u00eb Enjte ora 10:00-12:00<\/span><span data-ccp-props=\"{&quot;201341983&quot;:0,&quot;335559739&quot;:160,&quot;335559740&quot;:259}\">\u00a0<\/span><\/p>\n<p><span data-contrast=\"auto\">Duke punuar n\u00eb partneritet me NALS p\u00ebr t\u00eb ofruar anglishte t\u00eb akredituar, IT, TA<\/span><span data-ccp-props=\"{&quot;201341983&quot;:0,&quot;335559739&quot;:160,&quot;335559740&quot;:259}\">\u00a0<\/span><\/p>\n<p><b><span data-contrast=\"auto\">N\u00eb Barking dhe Dagenham\u00a0<\/span><\/b><span data-ccp-props=\"{&quot;201341983&quot;:0,&quot;335559739&quot;:160,&quot;335559740&quot;:259}\">\u00a0<\/span><\/p>\n<p><span data-contrast=\"auto\">Vazhdon sh\u00ebrbimi i suportit t\u00eb grave<\/span><span data-ccp-props=\"{&quot;201341983&quot;:0,&quot;335559739&quot;:160,&quot;335559740&quot;:259}\">\u00a0<\/span><\/p>\n<p><span data-contrast=\"auto\">Shkolla fillore Gascoigne ora 10:00-13:00<\/span><span data-ccp-props=\"{&quot;201341983&quot;:0,&quot;335559739&quot;:160,&quot;335559740&quot;:259}\">\u00a0<\/span><\/p>\n<p><span data-contrast=\"auto\">Walk talk\u00a0watch  \u00e7do t\u00eb mart\u00eb 10:00 -12:00\u00a0<\/span><span data-ccp-props=\"{&quot;201341983&quot;:0,&quot;335559739&quot;:160,&quot;335559740&quot;:259}\">\u00a0<\/span><\/p>\n<p><span data-contrast=\"auto\">Zoom \u00e7do t\u00eb Enjte 10-12\u00a0<\/span><span data-ccp-props=\"{&quot;201341983&quot;:0,&quot;335559739&quot;:160,&quot;335559740&quot;:259}\">\u00a0<\/span><\/p>\n<p><span data-contrast=\"auto\">k\u00ebshillim ball\u00eb p\u00ebr ball\u00eb me The\u00a0alternative\u00a0<\/span><span data-ccp-props=\"{&quot;201341983&quot;:0,&quot;335559739&quot;:160,&quot;335559740&quot;:259}\">\u00a0<\/span><\/p>\n<p><span data-contrast=\"auto\">Grupet psikoedukative \u00e7do t\u00eb Enjte ora 10:00-12:00<\/span><span data-ccp-props=\"{&quot;201341983&quot;:0,&quot;335559739&quot;:160,&quot;335559740&quot;:259}\">\u00a0<\/span><\/p>\n<p><span data-contrast=\"auto\">N\u00eb Janar do t\u00eb fillojm\u00eb s\u00ebrish PPP (Program i Prind\u00ebrimit Pozitiv)\u00a0<\/span><span data-ccp-props=\"{&quot;201341983&quot;:0,&quot;335559739&quot;:160,&quot;335559740&quot;:259}\">\u00a0<\/span><\/p>\n<p><span data-contrast=\"auto\">Projekti yn\u00eb p\u00ebr shkoll\u00ebn shqipe dhe t\u00eb rinjt\u00eb q\u00eb zhvillohet \u00e7do dit\u00eb t\u00eb jav\u00ebs i trajton k\u00ebto edhe n\u00eb sesionet e tij gjithashtu.\u00a0<\/span><span data-ccp-props=\"{&quot;201341983&quot;:0,&quot;335559739&quot;:160,&quot;335559740&quot;:259}\">\u00a0<\/span><\/p>\n<p><span data-contrast=\"auto\">N\u00eb prill 2020<\/span><a href=\"https:\/\/www.unwomen.org\/en\/news\/stories\/2020\/4\/statement-sg-put-women-and-girls-at-the-centre-of-efforts-to-recover-from-covid19\" target=\"_blank\" rel=\"noopener\"><span data-contrast=\"none\">Sekretari i P\u00ebrgjithsh\u00ebm i Kombeve t\u00eb Bashkuara<\/span><\/a><span data-contrast=\"auto\">u k\u00ebrkoi t\u00eb gjitha qeverive t\u00eb vendosin ta b\u00ebjn\u00eb parandalimin dhe korrigjimin e dhun\u00ebs ndaj grave dhe vajzave nj\u00eb pjes\u00eb ky\u00e7e t\u00eb planeve t\u00eb tyre komb\u00ebtare t\u00eb reagimit ndaj COVID-19. Apelit iu p\u00ebrgjigj\u00ebn me nj\u00eb<\/span><a href=\"https:\/\/www.unwomen.org\/sites\/default\/files\/Headquarters\/Attachments\/Sections\/Newsandevents\/Stories\/2020\/Answering-the-Secretary-Generals-Call-on-COVID-19.pdf\" target=\"_blank\" rel=\"noopener\"><span data-contrast=\"none\">deklarat\u00eb nga 146 shtete an\u00ebtare dhe v\u00ebzhgues,<\/span><\/a><span data-contrast=\"auto\">t\u00eb cil\u00ebt shpreh\u00ebn mb\u00ebshtetje t\u00eb fort\u00eb<\/span><span data-ccp-props=\"{&quot;201341983&quot;:0,&quot;335559739&quot;:160,&quot;335559740&quot;:259}\">\u00a0<\/span><\/p>\n<p><span data-contrast=\"auto\">Si vazhdim i thirrjes s\u00eb Sekretarit t\u00eb P\u00ebrgjithsh\u00ebm, Komiteti Ekzekutiv i Sekretarit t\u00eb P\u00ebrgjithsh\u00ebm miratoi gjithashtu nj\u00eb \"strategji t\u00eb angazhimit politik\" p\u00ebr t\u00eb gjith\u00eb sistemin e OKB-s\u00eb p\u00ebr t\u00eb mobilizuar angazhimet dhe veprimet p\u00ebr t'i dh\u00ebn\u00eb fund dhun\u00ebs me baz\u00eb gjinore n\u00eb kontekstin e COVID-19.<\/span><span data-ccp-props=\"{&quot;201341983&quot;:0,&quot;335559739&quot;:160,&quot;335559740&quot;:259}\">\u00a0<\/span><\/p>\n<p><span data-contrast=\"auto\">P\u00ebrpjekjet do t\u00eb synojn\u00eb:<\/span><span data-ccp-props=\"{&quot;201341983&quot;:0,&quot;335559739&quot;:160,&quot;335559740&quot;:259}\">\u00a0<\/span><\/p>\n<ul>\n<li data-leveltext=\"\uf0b7\" data-font=\"Symbol\" data-listid=\"1\" aria-setsize=\"-1\" data-aria-posinset=\"1\" data-aria-level=\"1\"><span data-contrast=\"auto\">P\u00ebrshpejtimin e p\u00ebrgjigjes konkrete t\u00eb politikave ndaj dhun\u00ebs me baz\u00eb gjinore n\u00eb kontekstin e COVID-19<\/span><span data-ccp-props=\"{&quot;201341983&quot;:0,&quot;335559739&quot;:160,&quot;335559740&quot;:259}\">\u00a0<\/span><\/li>\n<li data-leveltext=\"\uf0b7\" data-font=\"Symbol\" data-listid=\"1\" aria-setsize=\"-1\" data-aria-posinset=\"2\" data-aria-level=\"1\"><span data-contrast=\"auto\">\u2022 Promovimin e zero toleranc\u00eb ndaj dhun\u00ebs me baz\u00eb gjinore n\u00eb t\u00eb gjitha sferat e shoq\u00ebris\u00eb kudo.<\/span><span data-ccp-props=\"{&quot;201341983&quot;:0,&quot;335559739&quot;:160,&quot;335559740&quot;:259}\">\u00a0<\/span><\/li>\n<\/ul>\n<p><span data-contrast=\"auto\">T\u00eb gjitha qeverit\u00eb jan\u00eb t\u00eb thirrura t\u00eb marrin angazhime dhe t\u00eb nd\u00ebrmarrin veprime politike rreth kat\u00ebr fushave ky\u00e7e t\u00eb veprimit:<\/span><span data-ccp-props=\"{&quot;201341983&quot;:0,&quot;335559739&quot;:160,&quot;335559740&quot;:259}\">\u00a0<\/span><\/p>\n<ul>\n<li data-leveltext=\"\uf0b7\" data-font=\"Symbol\" data-listid=\"2\" aria-setsize=\"-1\" data-aria-posinset=\"1\" data-aria-level=\"1\"><span data-contrast=\"auto\">FONDE<\/span><span data-ccp-props=\"{&quot;201341983&quot;:0,&quot;335559739&quot;:160,&quot;335559740&quot;:259}\">\u00a0<\/span><\/li>\n<li data-leveltext=\"\uf0b7\" data-font=\"Symbol\" data-listid=\"2\" aria-setsize=\"-1\" data-aria-posinset=\"2\" data-aria-level=\"1\"><span data-contrast=\"auto\">PARANDALIM<\/span><span data-ccp-props=\"{&quot;201341983&quot;:0,&quot;335559739&quot;:160,&quot;335559740&quot;:259}\">\u00a0<\/span><\/li>\n<li data-leveltext=\"\uf0b7\" data-font=\"Symbol\" data-listid=\"2\" aria-setsize=\"-1\" data-aria-posinset=\"3\" data-aria-level=\"1\"><span data-contrast=\"auto\">PERGJIGJE<\/span><span data-ccp-props=\"{&quot;201341983&quot;:0,&quot;335559739&quot;:160,&quot;335559740&quot;:259}\">\u00a0<\/span><\/li>\n<li data-leveltext=\"\uf0b7\" data-font=\"Symbol\" data-listid=\"2\" aria-setsize=\"-1\" data-aria-posinset=\"4\" data-aria-level=\"1\"><span data-contrast=\"auto\">GRUMBULLIM<\/span><span data-ccp-props=\"{&quot;201341983&quot;:0,&quot;335559739&quot;:160,&quot;335559740&quot;:259}\">\u00a0<\/span><\/li>\n<\/ul>\n<p><span data-contrast=\"auto\">M\u00eb shum\u00eb detaje mund t\u00eb gjenden n\u00eb qarkoret dymujore t\u00eb veprimit t\u00eb fushat\u00ebs UNiTE:<\/span><span data-ccp-props=\"{&quot;201341983&quot;:0,&quot;335559739&quot;:160,&quot;335559740&quot;:259}\">\u00a0<\/span><\/p>\n<ul>\n<li data-leveltext=\"\uf0b7\" data-font=\"Symbol\" data-listid=\"3\" aria-setsize=\"-1\" data-aria-posinset=\"1\" data-aria-level=\"1\"><a href=\"https:\/\/www.unwomen.org\/sites\/default\/files\/Headquarters\/Attachments\/Sections\/What%20We%20Do\/EVAW\/UNiTE-Campaign-Action-Circular-October-November-en.pdf\" target=\"_blank\" rel=\"noopener\"><span data-contrast=\"none\">October\/November 2021 (Theme:\u202f16 Days of Activism against Gender-Based Violence)<\/span><\/a><span data-ccp-props=\"{&quot;201341983&quot;:0,&quot;335559739&quot;:160,&quot;335559740&quot;:259}\">\u00a0<\/span><\/li>\n<li data-leveltext=\"\uf0b7\" data-font=\"Symbol\" data-listid=\"3\" aria-setsize=\"-1\" data-aria-posinset=\"2\" data-aria-level=\"1\"><a href=\"https:\/\/www.unwomen.org\/sites\/default\/files\/Headquarters\/Attachments\/Sections\/What%20We%20Do\/EVAW\/UNiTE%20Campaign_Action%20Circular_August-September_FINAL.pdf\" target=\"_blank\" rel=\"noopener\"><span data-contrast=\"none\">August\/September 2021 (Theme: Collect)<\/span><\/a><span data-ccp-props=\"{&quot;201341983&quot;:0,&quot;335559739&quot;:160,&quot;335559740&quot;:259}\">\u00a0<\/span><\/li>\n<li data-leveltext=\"\uf0b7\" data-font=\"Symbol\" data-listid=\"3\" aria-setsize=\"-1\" data-aria-posinset=\"3\" data-aria-level=\"1\"><a href=\"https:\/\/www.unwomen.org\/sites\/default\/files\/Headquarters\/Attachments\/Sections\/What%20We%20Do\/EVAW\/UNiTE%20Campaign_Action%20Circular_June-July%202021_final.pdf\" target=\"_blank\" rel=\"noopener\"><span data-contrast=\"none\">June\/July 2021 (Theme: Respond)<\/span><\/a><span data-ccp-props=\"{&quot;201341983&quot;:0,&quot;335559739&quot;:160,&quot;335559740&quot;:259}\">\u00a0<\/span><\/li>\n<li data-leveltext=\"\uf0b7\" data-font=\"Symbol\" data-listid=\"3\" aria-setsize=\"-1\" data-aria-posinset=\"4\" data-aria-level=\"1\"><a href=\"https:\/\/www.unwomen.org\/sites\/default\/files\/Headquarters\/Attachments\/Sections\/What%20We%20Do\/EVAW\/UNiTE-campaign-Action-circular-PREVENT-2021-04-en.pdf\" target=\"_blank\" rel=\"noopener\"><span data-contrast=\"none\">April\/May 2021 (Theme: Prevent)<\/span><\/a><span data-ccp-props=\"{&quot;201341983&quot;:0,&quot;335559739&quot;:160,&quot;335559740&quot;:259}\">\u00a0<\/span><\/li>\n<li data-leveltext=\"\uf0b7\" data-font=\"Symbol\" data-listid=\"3\" aria-setsize=\"-1\" data-aria-posinset=\"5\" data-aria-level=\"1\"><a href=\"https:\/\/www.unwomen.org\/sites\/default\/files\/Headquarters\/Attachments\/Sections\/What%20We%20Do\/EVAW\/UNiTE-campaign-Action-circular-FUND-2021-02-en.pdf\" target=\"_blank\" rel=\"noopener\"><span data-contrast=\"none\">February\/March 2021 (Theme: Fund)<\/span><\/a><span data-ccp-props=\"{&quot;201341983&quot;:0,&quot;335559739&quot;:160,&quot;335559740&quot;:259}\">\u00a0<\/span><\/li>\n<\/ul>\n<p><i><span data-contrast=\"auto\">\u00a0Pra, secili prej nesh mund t\u00eb luaj\u00eb rolin e vet.\u00a0<\/span><\/i><span data-ccp-props=\"{&quot;201341983&quot;:0,&quot;335559739&quot;:160,&quot;335559740&quot;:259}\">\u00a0<\/span><\/p>\n<p><i><span data-contrast=\"auto\">Si n\u00ebna ne kemi shum\u00eb fuqi dhe mund ta p\u00ebrdorim at\u00eb n\u00eb nivel individual p\u00ebr ta thyer at\u00eb rrethh vicioz dhune.<\/span><\/i><span data-ccp-props=\"{&quot;201341983&quot;:0,&quot;335559739&quot;:160,&quot;335559740&quot;:259}\">\u00a0<\/span><\/p>\n<p><i><span data-contrast=\"auto\">Si komunitet, ne kemi m\u00eb shum\u00eb fuqi p\u00ebr t\u00eb ndihmuar t\u00eb gjith\u00eb dhe p\u00ebr t\u00eb par\u00eb nj\u00ebri-tjetrin, p\u00ebr t\u00eb ngritur z\u00ebrin, p\u00ebr t\u00eb qen\u00eb pjes\u00eb e ndryshimit q\u00eb duam t\u00eb shohim.<\/span><\/i><span data-ccp-props=\"{&quot;201341983&quot;:0,&quot;335559739&quot;:160,&quot;335559740&quot;:259}\">\u00a0<\/span><\/p>\n<p><i><span data-contrast=\"auto\">Autoritetet tona lokale dhe qeveria kan\u00eb fuqin\u00eb p\u00ebr t\u00eb ndihmuar, implementuar politika, financuar, parandaluar, p\u00ebrgjigjur dhe grumbulluar.\u00a0\u00a0<\/span><\/i><span data-ccp-props=\"{&quot;201341983&quot;:0,&quot;335559739&quot;:160,&quot;335559740&quot;:259}\">\u00a0<\/span><\/p>\n<p><i><span data-contrast=\"auto\">Le t\u00eb luajm\u00eb t\u00eb gjith\u00eb rolin ton\u00eb p\u00ebr nj\u00eb bot\u00eb pa dhun\u00eb gjinore\u00a0<\/span><\/i><span data-ccp-props=\"{&quot;201341983&quot;:0,&quot;335559739&quot;:160,&quot;335559740&quot;:259}\">\u00a0<\/span><\/p>\n<p><span data-ccp-props=\"{&quot;201341983&quot;:0,&quot;335559739&quot;:160,&quot;335559740&quot;:259}\">\u00a0<\/span><\/p>\n<p class=\"translation-block\"><i><span data-contrast=\"auto\">This is a fight beyond our community, so The Join Say NO\u2013UNiTE on\u202f<\/span><\/i><a href=\"https:\/\/www.facebook.com\/SayNO.UNiTE\" target=\"_blank\" rel=\"noopener nofollow external noreferrer\" data-wpel-link=\"external\"><i><span data-contrast=\"none\">Facebook<\/span><\/i><\/a><i><span data-contrast=\"auto\">\u202fand\u202f<\/span><\/i><a href=\"https:\/\/twitter.com\/SayNO_UNiTE\" target=\"_blank\" rel=\"noopener nofollow external noreferrer\" data-wpel-link=\"external\"><i><span data-contrast=\"none\">Twitter<\/span><\/i><\/a><i><span data-contrast=\"auto\">, and\u202f<\/span><\/i><a href=\"https:\/\/us1.list-manage.com\/subscribe?u=3d29e44d120dbaa8d14163032&amp;id=713f7be9fc\" target=\"_blank\" rel=\"noopener nofollow external noreferrer\" data-wpel-link=\"external\"><i><span data-contrast=\"none\">sign up to get email alerts<\/span><\/i><\/a><i><span data-contrast=\"auto\">, to become part of a global network of people committed to realizing a future that is free from violence against women and girls.&nbsp;<\/span><\/i><\/p>\n<p><i><span data-contrast=\"auto\"><a href=\"http:\/\/(https:\/\/www.unwomen.org\/en\/what-we-do\/ending-violence-against-women\/take-action)\" target=\"_blank\">http:\/\/(https:\/\/www.unwomen.org\/en\/what-we-do\/ending-violence-against-women\/take-action)<\/a><\/span><\/i><\/p>\n<p>&nbsp;<\/p>\n<p>&nbsp;<\/p>\n<p><span data-ccp-props=\"{&quot;201341983&quot;:0,&quot;335559739&quot;:160,&quot;335559740&quot;:259}\">\u00a0<\/span><\/p>","protected":false},"excerpt":{"rendered":"<p>&nbsp; \u00a016 days of activism this November and early December here at Shpresa Programme to mark the UN\u2019s 16 days of activism against gender-based violence\u00a0\u00a0 \u00a0 \u00a0November 25 2021 marked [&hellip;]<\/p>","protected":false},"author":1,"featured_media":3657,"comment_status":"closed","ping_status":"closed","sticky":false,"template":"","format":"standard","meta":{"footnotes":""},"categories":[13],"tags":[],"class_list":["post-3656","post","type-post","status-publish","format-standard","has-post-thumbnail","hentry","category-blog"],"_links":{"self":[{"href":"https:\/\/shpresaprogramme.org\/sq\/wp-json\/wp\/v2\/posts\/3656","targetHints":{"allow":["GET"]}}],"collection":[{"href":"https:\/\/shpresaprogramme.org\/sq\/wp-json\/wp\/v2\/posts"}],"about":[{"href":"https:\/\/shpresaprogramme.org\/sq\/wp-json\/wp\/v2\/types\/post"}],"author":[{"embeddable":true,"href":"https:\/\/shpresaprogramme.org\/sq\/wp-json\/wp\/v2\/users\/1"}],"replies":[{"embeddable":true,"href":"https:\/\/shpresaprogramme.org\/sq\/wp-json\/wp\/v2\/comments?post=3656"}],"version-history":[{"count":8,"href":"https:\/\/shpresaprogramme.org\/sq\/wp-json\/wp\/v2\/posts\/3656\/revisions"}],"predecessor-version":[{"id":3707,"href":"https:\/\/shpresaprogramme.org\/sq\/wp-json\/wp\/v2\/posts\/3656\/revisions\/3707"}],"wp:featuredmedia":[{"embeddable":true,"href":"https:\/\/shpresaprogramme.org\/sq\/wp-json\/wp\/v2\/media\/3657"}],"wp:attachment":[{"href":"https:\/\/shpresaprogramme.org\/sq\/wp-json\/wp\/v2\/media?parent=3656"}],"wp:term":[{"taxonomy":"category","embeddable":true,"href":"https:\/\/shpresaprogramme.org\/sq\/wp-json\/wp\/v2\/categories?post=3656"},{"taxonomy":"post_tag","embeddable":true,"href":"https:\/\/shpresaprogramme.org\/sq\/wp-json\/wp\/v2\/tags?post=3656"}],"curies":[{"name":"wp","href":"https:\/\/api.w.org\/{rel}","templated":true}]}}